{"id":1354,"date":"2016-05-26T08:13:00","date_gmt":"2016-05-26T08:13:00","guid":{"rendered":"https:\/\/solacy.law\/regard-du-juge-francais-sur-la-clause-attributive-de-juridiction-des-conditions-generales-de-facebook\/"},"modified":"2022-05-24T16:29:19","modified_gmt":"2022-05-24T16:29:19","slug":"regard-du-juge-francais-sur-la-clause-attributive-de-juridiction-des-conditions-generales-de-facebook","status":"publish","type":"post","link":"https:\/\/solacy.law\/en\/regard-du-juge-francais-sur-la-clause-attributive-de-juridiction-des-conditions-generales-de-facebook\/","title":{"rendered":"Regard du juge fran\u00e7ais sur la clause attributive de juridiction des conditions g\u00e9n\u00e9rales de Facebook"},"content":{"rendered":"\n<p>Par un raisonnement pour le moins critiquable, la cour d&#8217;appel de Paris a, d&#8217;une part, reconnu la comp\u00e9tence du juge fran\u00e7ais pour statuer sur une clause attributive de juridiction conclue en faveur des juridictions californiennes et a, d&#8217;autre part, \u00e9cart\u00e9 cette clause sur le fondement du droit interne fran\u00e7ais donnant ainsi comp\u00e9tence au tribunal de grande instance de Paris pour statuer sur le fond du litige.<\/p>\n","protected":false},"excerpt":{"rendered":"<p>Par un raisonnement pour le moins critiquable, la cour d&#8217;appel de Paris a, d&#8217;une part, reconnu la comp\u00e9tence du juge fran\u00e7ais pour statuer sur une clause attributive de juridiction conclue en faveur des juridictions californiennes et a, d&#8217;autre part, \u00e9cart\u00e9 cette clause sur le fondement du droit interne fran\u00e7ais donnant ainsi comp\u00e9tence au tribunal de [&hellip;]<\/p>\n","protected":false},"author":2,"featured_media":0,"comment_status":"open","ping_status":"open","sticky":false,"template":"","format":"standard","meta":[],"categories":[21],"tags":[],"yoast_head":"<!-- This site is optimized with the Yoast SEO plugin v18.3 - https:\/\/yoast.com\/wordpress\/plugins\/seo\/ -->\n<title>Regard du juge fran\u00e7ais sur la clause attributive de juridiction des conditions g\u00e9n\u00e9rales de Facebook<\/title>\n<meta name=\"robots\" content=\"index, follow, max-snippet:-1, max-image-preview:large, max-video-preview:-1\" \/>\n<link rel=\"canonical\" href=\"https:\/\/solacy.law\/en\/regard-du-juge-francais-sur-la-clause-attributive-de-juridiction-des-conditions-generales-de-facebook\/\" \/>\n<meta property=\"og:locale\" content=\"en_US\" \/>\n<meta property=\"og:type\" content=\"article\" \/>\n<meta property=\"og:title\" content=\"Regard du juge fran\u00e7ais sur la clause attributive de juridiction des conditions g\u00e9n\u00e9rales de Facebook\" \/>\n<meta property=\"og:description\" content=\"Par un raisonnement pour le moins critiquable, la cour d&#8217;appel de Paris a, d&#8217;une part, reconnu la comp\u00e9tence du juge fran\u00e7ais pour statuer sur une clause attributive de juridiction conclue en faveur des juridictions californiennes et a, d&#8217;autre part, \u00e9cart\u00e9 cette clause sur le fondement du droit interne fran\u00e7ais donnant ainsi comp\u00e9tence au tribunal de [&hellip;]\" \/>\n<meta property=\"og:url\" content=\"https:\/\/solacy.law\/en\/regard-du-juge-francais-sur-la-clause-attributive-de-juridiction-des-conditions-generales-de-facebook\/\" \/>\n<meta property=\"og:site_name\" content=\"Solacy\" \/>\n<meta property=\"article:published_time\" content=\"2016-05-26T08:13:00+00:00\" \/>\n<meta property=\"article:modified_time\" content=\"2022-05-24T16:29:19+00:00\" \/>\n<meta name=\"twitter:card\" content=\"summary_large_image\" \/>\n<meta name=\"twitter:label1\" content=\"Written by\" \/>\n\t<meta name=\"twitter:data1\" content=\"EliottMarkus\" \/>\n\t<meta name=\"twitter:label2\" content=\"Est. reading time\" \/>\n\t<meta name=\"twitter:data2\" content=\"1 minute\" \/>\n<script type=\"application\/ld+json\" class=\"yoast-schema-graph\">{\"@context\":\"https:\/\/schema.org\",\"@graph\":[{\"@type\":\"WebSite\",\"@id\":\"https:\/\/solacy.law\/#website\",\"url\":\"https:\/\/solacy.law\/\",\"name\":\"Solacy\",\"description\":\"\",\"potentialAction\":[{\"@type\":\"SearchAction\",\"target\":{\"@type\":\"EntryPoint\",\"urlTemplate\":\"https:\/\/solacy.law\/?s={search_term_string}\"},\"query-input\":\"required name=search_term_string\"}],\"inLanguage\":\"en-US\"},{\"@type\":\"WebPage\",\"@id\":\"https:\/\/solacy.law\/en\/regard-du-juge-francais-sur-la-clause-attributive-de-juridiction-des-conditions-generales-de-facebook\/#webpage\",\"url\":\"https:\/\/solacy.law\/en\/regard-du-juge-francais-sur-la-clause-attributive-de-juridiction-des-conditions-generales-de-facebook\/\",\"name\":\"Regard du juge fran\u00e7ais sur la clause attributive de juridiction des conditions g\u00e9n\u00e9rales de Facebook\",\"isPartOf\":{\"@id\":\"https:\/\/solacy.law\/#website\"},\"datePublished\":\"2016-05-26T08:13:00+00:00\",\"dateModified\":\"2022-05-24T16:29:19+00:00\",\"author\":{\"@id\":\"https:\/\/solacy.law\/#\/schema\/person\/12ad2bb69ca2edeeb683edbd14cff23e\"},\"breadcrumb\":{\"@id\":\"https:\/\/solacy.law\/en\/regard-du-juge-francais-sur-la-clause-attributive-de-juridiction-des-conditions-generales-de-facebook\/#breadcrumb\"},\"inLanguage\":\"en-US\",\"potentialAction\":[{\"@type\":\"ReadAction\",\"target\":[\"https:\/\/solacy.law\/en\/regard-du-juge-francais-sur-la-clause-attributive-de-juridiction-des-conditions-generales-de-facebook\/\"]}]},{\"@type\":\"BreadcrumbList\",\"@id\":\"https:\/\/solacy.law\/en\/regard-du-juge-francais-sur-la-clause-attributive-de-juridiction-des-conditions-generales-de-facebook\/#breadcrumb\",\"itemListElement\":[{\"@type\":\"ListItem\",\"position\":1,\"name\":\"Accueil\",\"item\":\"https:\/\/solacy.law\/en\/\"},{\"@type\":\"ListItem\",\"position\":2,\"name\":\"Regard du juge fran\u00e7ais sur la clause attributive de juridiction des conditions g\u00e9n\u00e9rales de Facebook\"}]},{\"@type\":\"Person\",\"@id\":\"https:\/\/solacy.law\/#\/schema\/person\/12ad2bb69ca2edeeb683edbd14cff23e\",\"name\":\"EliottMarkus\",\"image\":{\"@type\":\"ImageObject\",\"@id\":\"https:\/\/solacy.law\/#personlogo\",\"inLanguage\":\"en-US\",\"url\":\"https:\/\/secure.gravatar.com\/avatar\/0ad32065eee793c3b63d26070ad1a2d8?s=96&d=mm&r=g\",\"contentUrl\":\"https:\/\/secure.gravatar.com\/avatar\/0ad32065eee793c3b63d26070ad1a2d8?s=96&d=mm&r=g\",\"caption\":\"EliottMarkus\"}}]}<\/script>\n<!-- \/ Yoast SEO plugin. -->","yoast_head_json":{"title":"Regard du juge fran\u00e7ais sur la clause attributive de juridiction des conditions g\u00e9n\u00e9rales de Facebook","robots":{"index":"index","follow":"follow","max-snippet":"max-snippet:-1","max-image-preview":"max-image-preview:large","max-video-preview":"max-video-preview:-1"},"canonical":"https:\/\/solacy.law\/en\/regard-du-juge-francais-sur-la-clause-attributive-de-juridiction-des-conditions-generales-de-facebook\/","og_locale":"en_US","og_type":"article","og_title":"Regard du juge fran\u00e7ais sur la clause attributive de juridiction des conditions g\u00e9n\u00e9rales de Facebook","og_description":"Par un raisonnement pour le moins critiquable, la cour d&#8217;appel de Paris a, d&#8217;une part, reconnu la comp\u00e9tence du juge fran\u00e7ais pour statuer sur une clause attributive de juridiction conclue en faveur des juridictions californiennes et a, d&#8217;autre part, \u00e9cart\u00e9 cette clause sur le fondement du droit interne fran\u00e7ais donnant ainsi comp\u00e9tence au tribunal de [&hellip;]","og_url":"https:\/\/solacy.law\/en\/regard-du-juge-francais-sur-la-clause-attributive-de-juridiction-des-conditions-generales-de-facebook\/","og_site_name":"Solacy","article_published_time":"2016-05-26T08:13:00+00:00","article_modified_time":"2022-05-24T16:29:19+00:00","twitter_card":"summary_large_image","twitter_misc":{"Written by":"EliottMarkus","Est. reading time":"1 minute"},"schema":{"@context":"https:\/\/schema.org","@graph":[{"@type":"WebSite","@id":"https:\/\/solacy.law\/#website","url":"https:\/\/solacy.law\/","name":"Solacy","description":"","potentialAction":[{"@type":"SearchAction","target":{"@type":"EntryPoint","urlTemplate":"https:\/\/solacy.law\/?s={search_term_string}"},"query-input":"required name=search_term_string"}],"inLanguage":"en-US"},{"@type":"WebPage","@id":"https:\/\/solacy.law\/en\/regard-du-juge-francais-sur-la-clause-attributive-de-juridiction-des-conditions-generales-de-facebook\/#webpage","url":"https:\/\/solacy.law\/en\/regard-du-juge-francais-sur-la-clause-attributive-de-juridiction-des-conditions-generales-de-facebook\/","name":"Regard du juge fran\u00e7ais sur la clause attributive de juridiction des conditions g\u00e9n\u00e9rales de Facebook","isPartOf":{"@id":"https:\/\/solacy.law\/#website"},"datePublished":"2016-05-26T08:13:00+00:00","dateModified":"2022-05-24T16:29:19+00:00","author":{"@id":"https:\/\/solacy.law\/#\/schema\/person\/12ad2bb69ca2edeeb683edbd14cff23e"},"breadcrumb":{"@id":"https:\/\/solacy.law\/en\/regard-du-juge-francais-sur-la-clause-attributive-de-juridiction-des-conditions-generales-de-facebook\/#breadcrumb"},"inLanguage":"en-US","potentialAction":[{"@type":"ReadAction","target":["https:\/\/solacy.law\/en\/regard-du-juge-francais-sur-la-clause-attributive-de-juridiction-des-conditions-generales-de-facebook\/"]}]},{"@type":"BreadcrumbList","@id":"https:\/\/solacy.law\/en\/regard-du-juge-francais-sur-la-clause-attributive-de-juridiction-des-conditions-generales-de-facebook\/#breadcrumb","itemListElement":[{"@type":"ListItem","position":1,"name":"Accueil","item":"https:\/\/solacy.law\/en\/"},{"@type":"ListItem","position":2,"name":"Regard du juge fran\u00e7ais sur la clause attributive de juridiction des conditions g\u00e9n\u00e9rales de Facebook"}]},{"@type":"Person","@id":"https:\/\/solacy.law\/#\/schema\/person\/12ad2bb69ca2edeeb683edbd14cff23e","name":"EliottMarkus","image":{"@type":"ImageObject","@id":"https:\/\/solacy.law\/#personlogo","inLanguage":"en-US","url":"https:\/\/secure.gravatar.com\/avatar\/0ad32065eee793c3b63d26070ad1a2d8?s=96&d=mm&r=g","contentUrl":"https:\/\/secure.gravatar.com\/avatar\/0ad32065eee793c3b63d26070ad1a2d8?s=96&d=mm&r=g","caption":"EliottMarkus"}}]}},"acf":[],"_links":{"self":[{"href":"https:\/\/solacy.law\/en\/wp-json\/wp\/v2\/posts\/1354"}],"collection":[{"href":"https:\/\/solacy.law\/en\/wp-json\/wp\/v2\/posts"}],"about":[{"href":"https:\/\/solacy.law\/en\/wp-json\/wp\/v2\/types\/post"}],"author":[{"embeddable":true,"href":"https:\/\/solacy.law\/en\/wp-json\/wp\/v2\/users\/2"}],"replies":[{"embeddable":true,"href":"https:\/\/solacy.law\/en\/wp-json\/wp\/v2\/comments?post=1354"}],"version-history":[{"count":3,"href":"https:\/\/solacy.law\/en\/wp-json\/wp\/v2\/posts\/1354\/revisions"}],"predecessor-version":[{"id":1367,"href":"https:\/\/solacy.law\/en\/wp-json\/wp\/v2\/posts\/1354\/revisions\/1367"}],"wp:attachment":[{"href":"https:\/\/solacy.law\/en\/wp-json\/wp\/v2\/media?parent=1354"}],"wp:term":[{"taxonomy":"category","embeddable":true,"href":"https:\/\/solacy.law\/en\/wp-json\/wp\/v2\/categories?post=1354"},{"taxonomy":"post_tag","embeddable":true,"href":"https:\/\/solacy.law\/en\/wp-json\/wp\/v2\/tags?post=1354"}],"curies":[{"name":"wp","href":"https:\/\/api.w.org\/{rel}","templated":true}]}}